{"id":54,"date":"2016-10-15T09:55:55","date_gmt":"2016-10-15T07:55:55","guid":{"rendered":"http:\/\/127.0.0.1\/?p=54"},"modified":"2023-09-10T23:21:08","modified_gmt":"2023-09-10T21:21:08","slug":"communication","status":"publish","type":"post","link":"http:\/\/michel-tavet.fr\/index.php\/2016\/10\/15\/communication\/","title":{"rendered":"Rien ne te r\u00e9siste"},"content":{"rendered":"<div style=\"background-repeat: no-repeat;\"><p><span style=\"color: #339966;\"><em><span style=\"vertical-align: inherit;\"><span style=\"vertical-align: inherit;\"><span style=\"vertical-align: inherit;\"><span style=\"vertical-align: inherit;\"><span style=\"vertical-align: inherit;\"><span style=\"vertical-align: inherit;\"><span style=\"vertical-align: inherit;\"><span style=\"vertical-align: inherit;\"><span style=\"vertical-align: inherit;\"><span style=\"vertical-align: inherit;\"><span style=\"vertical-align: inherit;\"><span style=\"vertical-align: inherit;\">Pour \u00e9couter la chanson cliquez sur la fl\u00e8che dans le bandeau<\/span><\/span><\/span><\/span><\/span><\/span><\/span><\/span><\/span><\/span><\/span><\/span><\/em><\/span><\/p>\n<p><span style=\"font-size: 12pt; color: #993366;\"><span style=\"vertical-align: inherit;\"><span style=\"vertical-align: inherit;\"><span style=\"vertical-align: inherit;\"><span style=\"vertical-align: inherit;\"><span style=\"vertical-align: inherit;\"><span style=\"vertical-align: inherit;\"><span style=\"vertical-align: inherit;\"><span style=\"vertical-align: inherit;\"><span style=\"vertical-align: inherit;\"><span style=\"vertical-align: inherit;\"><span style=\"vertical-align: inherit;\"><span style=\"vertical-align: inherit;\">Salvator de Bahia<\/span><\/span><\/span><\/span><\/span><\/span><\/span><\/span><\/span><\/span><\/span><\/span><\/span><\/p>\n<!--[if lt IE 9]><script>document.createElement('audio');<\/script><![endif]-->\n<audio class=\"wp-audio-shortcode\" id=\"audio-54-1\" preload=\"none\" style=\"width: 100%;\" controls=\"controls\"><source type=\"audio\/mpeg\" src=\"http:\/\/michel-tavet.fr\/wp-content\/uploads\/2017\/03\/bahia.mp3?_=1\" \/><a href=\"http:\/\/michel-tavet.fr\/wp-content\/uploads\/2017\/03\/bahia.mp3\">http:\/\/michel-tavet.fr\/wp-content\/uploads\/2017\/03\/bahia.mp3<\/a><\/audio>\n<p><span style=\"font-family: arial, helvetica, sans-serif; color: #993366; font-size: 12pt;\"><span style=\"vertical-align: inherit;\"><span style=\"vertical-align: inherit;\"><span style=\"vertical-align: inherit;\"><span style=\"vertical-align: inherit;\"><span style=\"vertical-align: inherit;\"><span style=\"vertical-align: inherit;\"><span style=\"vertical-align: inherit;\"><span style=\"vertical-align: inherit;\"><span style=\"vertical-align: inherit;\"><span style=\"vertical-align: inherit;\"><span style=\"vertical-align: inherit;\"><span style=\"vertical-align: inherit;\">Veste, liquette et pantalon<\/span><\/span><\/span><\/span><\/span><\/span><\/span><\/span><\/span><\/span><\/span><\/span><\/span><\/p>\n<audio class=\"wp-audio-shortcode\" id=\"audio-54-2\" preload=\"none\" style=\"width: 100%;\" controls=\"controls\"><source type=\"audio\/mpeg\" src=\"http:\/\/michel-tavet.fr\/wp-content\/uploads\/2017\/03\/veste.mp3?_=2\" \/><a href=\"http:\/\/michel-tavet.fr\/wp-content\/uploads\/2017\/03\/veste.mp3\">http:\/\/michel-tavet.fr\/wp-content\/uploads\/2017\/03\/veste.mp3<\/a><\/audio>\n<p><span style=\"color: #993366; font-size: 12pt;\"><span style=\"vertical-align: inherit;\"><span style=\"vertical-align: inherit;\"><span style=\"vertical-align: inherit;\"><span style=\"vertical-align: inherit;\"><span style=\"vertical-align: inherit;\"><span style=\"vertical-align: inherit;\"><span style=\"vertical-align: inherit;\"><span style=\"vertical-align: inherit;\"><span style=\"vertical-align: inherit;\"><span style=\"vertical-align: inherit;\"><span style=\"vertical-align: inherit;\"><span style=\"vertical-align: inherit;\">La neige tombe des \u00e9toiles<\/span><\/span><\/span><\/span><\/span><\/span><\/span><\/span><\/span><\/span><\/span><\/span><\/span><\/p>\n<audio class=\"wp-audio-shortcode\" id=\"audio-54-3\" preload=\"none\" style=\"width: 100%;\" controls=\"controls\"><source type=\"audio\/mpeg\" src=\"http:\/\/michel-tavet.fr\/wp-content\/uploads\/2017\/03\/neige.mp3?_=3\" \/><a href=\"http:\/\/michel-tavet.fr\/wp-content\/uploads\/2017\/03\/neige.mp3\">http:\/\/michel-tavet.fr\/wp-content\/uploads\/2017\/03\/neige.mp3<\/a><\/audio>\n<p><span style=\"color: #993366; font-size: 12pt;\"><span style=\"vertical-align: inherit;\"><span style=\"vertical-align: inherit;\"><span style=\"vertical-align: inherit;\"><span style=\"vertical-align: inherit;\"><span style=\"vertical-align: inherit;\"><span style=\"vertical-align: inherit;\"><span style=\"vertical-align: inherit;\"><span style=\"vertical-align: inherit;\"><span style=\"vertical-align: inherit;\"><span style=\"vertical-align: inherit;\"><span style=\"vertical-align: inherit;\"><span style=\"vertical-align: inherit;\">Petite randonn\u00e9e<\/span><\/span><\/span><\/span><\/span><\/span><\/span><\/span><\/span><\/span><\/span><\/span><\/span><\/p>\n<audio class=\"wp-audio-shortcode\" id=\"audio-54-4\" preload=\"none\" style=\"width: 100%;\" controls=\"controls\"><source type=\"audio\/mpeg\" src=\"http:\/\/michel-tavet.fr\/wp-content\/uploads\/2017\/03\/randonnee.mp3?_=4\" \/><a href=\"http:\/\/michel-tavet.fr\/wp-content\/uploads\/2017\/03\/randonnee.mp3\">http:\/\/michel-tavet.fr\/wp-content\/uploads\/2017\/03\/randonnee.mp3<\/a><\/audio>\n<p><span style=\"color: #993366; font-size: 12pt;\"><span style=\"vertical-align: inherit;\"><span style=\"vertical-align: inherit;\"><span style=\"vertical-align: inherit;\"><span style=\"vertical-align: inherit;\"><span style=\"vertical-align: inherit;\"><span style=\"vertical-align: inherit;\"><span style=\"vertical-align: inherit;\"><span style=\"vertical-align: inherit;\"><span style=\"vertical-align: inherit;\"><span style=\"vertical-align: inherit;\"><span style=\"vertical-align: inherit;\"><span style=\"vertical-align: inherit;\">Je veux rire, ne pas pleurer<\/span><\/span><\/span><\/span><\/span><\/span><\/span><\/span><\/span><\/span><\/span><\/span><\/span><\/p>\n<audio class=\"wp-audio-shortcode\" id=\"audio-54-5\" preload=\"none\" style=\"width: 100%;\" controls=\"controls\"><source type=\"audio\/mpeg\" src=\"http:\/\/michel-tavet.fr\/wp-content\/uploads\/2017\/03\/rire.mp3?_=5\" \/><a href=\"http:\/\/michel-tavet.fr\/wp-content\/uploads\/2017\/03\/rire.mp3\">http:\/\/michel-tavet.fr\/wp-content\/uploads\/2017\/03\/rire.mp3<\/a><\/audio>\n<p><span style=\"color: #993366; font-size: 12pt;\"><span style=\"vertical-align: inherit;\"><span style=\"vertical-align: inherit;\"><span style=\"vertical-align: inherit;\"><span style=\"vertical-align: inherit;\"><span style=\"vertical-align: inherit;\"><span style=\"vertical-align: inherit;\"><span style=\"vertical-align: inherit;\"><span style=\"vertical-align: inherit;\"><span style=\"vertical-align: inherit;\"><span style=\"vertical-align: inherit;\"><span style=\"vertical-align: inherit;\"><span style=\"vertical-align: inherit;\">J&#8217;ai le cheveu qui tombe<\/span><\/span><\/span><\/span><\/span><\/span><\/span><\/span><\/span><\/span><\/span><\/span><\/span><\/p>\n<audio class=\"wp-audio-shortcode\" id=\"audio-54-6\" preload=\"none\" style=\"width: 100%;\" controls=\"controls\"><source type=\"audio\/mpeg\" src=\"http:\/\/michel-tavet.fr\/wp-content\/uploads\/2017\/03\/cheveu.mp3?_=6\" \/><a href=\"http:\/\/michel-tavet.fr\/wp-content\/uploads\/2017\/03\/cheveu.mp3\">http:\/\/michel-tavet.fr\/wp-content\/uploads\/2017\/03\/cheveu.mp3<\/a><\/audio>\n<p><span style=\"color: #993366; font-size: 12pt;\"><span style=\"vertical-align: inherit;\"><span style=\"vertical-align: inherit;\"><span style=\"vertical-align: inherit;\"><span style=\"vertical-align: inherit;\"><span style=\"vertical-align: inherit;\"><span style=\"vertical-align: inherit;\"><span style=\"vertical-align: inherit;\"><span style=\"vertical-align: inherit;\"><span style=\"vertical-align: inherit;\"><span style=\"vertical-align: inherit;\"><span style=\"vertical-align: inherit;\"><span style=\"vertical-align: inherit;\">N&#8217;aie pas peur de l&#8217;autre<\/span><\/span><\/span><\/span><\/span><\/span><\/span><\/span><\/span><\/span><\/span><\/span><\/span><\/p>\n<audio class=\"wp-audio-shortcode\" id=\"audio-54-7\" preload=\"none\" style=\"width: 100%;\" controls=\"controls\"><source type=\"audio\/mpeg\" src=\"http:\/\/michel-tavet.fr\/wp-content\/uploads\/2017\/03\/peur.mp3?_=7\" \/><a href=\"http:\/\/michel-tavet.fr\/wp-content\/uploads\/2017\/03\/peur.mp3\">http:\/\/michel-tavet.fr\/wp-content\/uploads\/2017\/03\/peur.mp3<\/a><\/audio>\n<p><span style=\"color: #993366; font-size: 12pt;\"><span style=\"vertical-align: inherit;\"><span style=\"vertical-align: inherit;\"><span style=\"vertical-align: inherit;\"><span style=\"vertical-align: inherit;\"><span style=\"vertical-align: inherit;\"><span style=\"vertical-align: inherit;\"><span style=\"vertical-align: inherit;\"><span style=\"vertical-align: inherit;\"><span style=\"vertical-align: inherit;\"><span style=\"vertical-align: inherit;\"><span style=\"vertical-align: inherit;\"><span style=\"vertical-align: inherit;\">La vie est un combat<\/span><\/span><\/span><\/span><\/span><\/span><\/span><\/span><\/span><\/span><\/span><\/span><\/span><\/p>\n<audio class=\"wp-audio-shortcode\" id=\"audio-54-8\" preload=\"none\" style=\"width: 100%;\" controls=\"controls\"><source type=\"audio\/mpeg\" src=\"http:\/\/michel-tavet.fr\/wp-content\/uploads\/2017\/03\/vie.mp3?_=8\" \/><a href=\"http:\/\/michel-tavet.fr\/wp-content\/uploads\/2017\/03\/vie.mp3\">http:\/\/michel-tavet.fr\/wp-content\/uploads\/2017\/03\/vie.mp3<\/a><\/audio>\n<p><span style=\"color: #993366; font-size: 12pt;\"><span style=\"vertical-align: inherit;\"><span style=\"vertical-align: inherit;\"><span style=\"vertical-align: inherit;\"><span style=\"vertical-align: inherit;\"><span style=\"vertical-align: inherit;\"><span style=\"vertical-align: inherit;\"><span style=\"vertical-align: inherit;\"><span style=\"vertical-align: inherit;\"><span style=\"vertical-align: inherit;\"><span style=\"vertical-align: inherit;\"><span style=\"vertical-align: inherit;\"><span style=\"vertical-align: inherit;\">Je suis un homme de tiques<\/span><\/span><\/span><\/span><\/span><\/span><\/span><\/span><\/span><\/span><\/span><\/span><\/span><\/p>\n<audio class=\"wp-audio-shortcode\" id=\"audio-54-9\" preload=\"none\" style=\"width: 100%;\" controls=\"controls\"><source type=\"audio\/mpeg\" src=\"http:\/\/michel-tavet.fr\/wp-content\/uploads\/2017\/03\/homme.mp3?_=9\" \/><a href=\"http:\/\/michel-tavet.fr\/wp-content\/uploads\/2017\/03\/homme.mp3\">http:\/\/michel-tavet.fr\/wp-content\/uploads\/2017\/03\/homme.mp3<\/a><\/audio>\n<p><span style=\"color: #993366; font-size: 12pt;\"><span style=\"vertical-align: inherit;\"><span style=\"vertical-align: inherit;\"><span style=\"vertical-align: inherit;\"><span style=\"vertical-align: inherit;\"><span style=\"vertical-align: inherit;\"><span style=\"vertical-align: inherit;\"><span style=\"vertical-align: inherit;\"><span style=\"vertical-align: inherit;\"><span style=\"vertical-align: inherit;\"><span style=\"vertical-align: inherit;\"><span style=\"vertical-align: inherit;\"><span style=\"vertical-align: inherit;\">Rien ne te r\u00e9siste<\/span><\/span><\/span><\/span><\/span><\/span><\/span><\/span><\/span><\/span><\/span><\/span><\/span><\/p>\n<audio class=\"wp-audio-shortcode\" id=\"audio-54-10\" preload=\"none\" style=\"width: 100%;\" controls=\"controls\"><source type=\"audio\/mpeg\" src=\"http:\/\/michel-tavet.fr\/wp-content\/uploads\/2017\/03\/resiste.mp3?_=10\" \/><a href=\"http:\/\/michel-tavet.fr\/wp-content\/uploads\/2017\/03\/resiste.mp3\">http:\/\/michel-tavet.fr\/wp-content\/uploads\/2017\/03\/resiste.mp3<\/a><\/audio>\n<p><span style=\"color: #993366; font-size: 12pt;\"><span style=\"vertical-align: inherit;\"><span style=\"vertical-align: inherit;\"><span style=\"vertical-align: inherit;\"><span style=\"vertical-align: inherit;\"><span style=\"vertical-align: inherit;\"><span style=\"vertical-align: inherit;\"><span style=\"vertical-align: inherit;\"><span style=\"vertical-align: inherit;\"><span style=\"vertical-align: inherit;\"><span style=\"vertical-align: inherit;\"><span style=\"vertical-align: inherit;\"><span style=\"vertical-align: inherit;\">Tourne la couverture<\/span><\/span><\/span><\/span><\/span><\/span><\/span><\/span><\/span><\/span><\/span><\/span><\/span><\/p>\n<audio class=\"wp-audio-shortcode\" id=\"audio-54-11\" preload=\"none\" style=\"width: 100%;\" controls=\"controls\"><source type=\"audio\/mpeg\" src=\"http:\/\/michel-tavet.fr\/wp-content\/uploads\/2017\/03\/couverture.mp3?_=11\" \/><a href=\"http:\/\/michel-tavet.fr\/wp-content\/uploads\/2017\/03\/couverture.mp3\">http:\/\/michel-tavet.fr\/wp-content\/uploads\/2017\/03\/couverture.mp3<\/a><\/audio>\n<p><span style=\"color: #993366; font-size: 12pt;\"><span style=\"vertical-align: inherit;\"><span style=\"vertical-align: inherit;\"><span style=\"vertical-align: inherit;\"><span style=\"vertical-align: inherit;\"><span style=\"vertical-align: inherit;\"><span style=\"vertical-align: inherit;\"><span style=\"vertical-align: inherit;\"><span style=\"vertical-align: inherit;\"><span style=\"vertical-align: inherit;\"><span style=\"vertical-align: inherit;\"><span style=\"vertical-align: inherit;\"><span style=\"vertical-align: inherit;\">F\u00eate l&#8217;Humanit\u00e9<\/span><\/span><\/span><\/span><\/span><\/span><\/span><\/span><\/span><\/span><\/span><\/span><\/span><\/p>\n<audio class=\"wp-audio-shortcode\" id=\"audio-54-12\" preload=\"none\" style=\"width: 100%;\" controls=\"controls\"><source type=\"audio\/mpeg\" src=\"http:\/\/michel-tavet.fr\/wp-content\/uploads\/2017\/03\/humanite.mp3?_=12\" \/><a href=\"http:\/\/michel-tavet.fr\/wp-content\/uploads\/2017\/03\/humanite.mp3\">http:\/\/michel-tavet.fr\/wp-content\/uploads\/2017\/03\/humanite.mp3<\/a><\/audio>\n<\/div>","protected":false},"excerpt":{"rendered":"<p>Pour \u00e9couter la chanson cliquez sur la fl\u00e8che dans le bandeau Salvator de Bahia Veste, liquette et pantalon La neige tombe des \u00e9toiles Petite randonn\u00e9e Je veux rire, ne pas pleurer J&#8217;ai le cheveu qui tombe N&#8217;aie pas peur de l&#8217;autre La vie est un combat Je suis un homme de tiques Rien ne te &hellip; <a href=\"http:\/\/michel-tavet.fr\/index.php\/2016\/10\/15\/communication\/\" class=\"more-link\">Continue reading <span class=\"screen-reader-text\">Rien ne te r\u00e9siste<\/span> <span class=\"meta-nav\">&rarr;<\/span><\/a><\/p>\n","protected":false},"author":1,"featured_media":0,"comment_status":"closed","ping_status":"open","sticky":false,"template":"","format":"standard","meta":{"footnotes":""},"categories":[3],"tags":[],"class_list":["post-54","post","type-post","status-publish","format-standard","hentry","category-categorie1"],"_links":{"self":[{"href":"http:\/\/michel-tavet.fr\/index.php\/wp-json\/wp\/v2\/posts\/54"}],"collection":[{"href":"http:\/\/michel-tavet.fr\/index.php\/wp-json\/wp\/v2\/posts"}],"about":[{"href":"http:\/\/michel-tavet.fr\/index.php\/wp-json\/wp\/v2\/types\/post"}],"author":[{"embeddable":true,"href":"http:\/\/michel-tavet.fr\/index.php\/wp-json\/wp\/v2\/users\/1"}],"replies":[{"embeddable":true,"href":"http:\/\/michel-tavet.fr\/index.php\/wp-json\/wp\/v2\/comments?post=54"}],"version-history":[{"count":14,"href":"http:\/\/michel-tavet.fr\/index.php\/wp-json\/wp\/v2\/posts\/54\/revisions"}],"predecessor-version":[{"id":10593,"href":"http:\/\/michel-tavet.fr\/index.php\/wp-json\/wp\/v2\/posts\/54\/revisions\/10593"}],"wp:attachment":[{"href":"http:\/\/michel-tavet.fr\/index.php\/wp-json\/wp\/v2\/media?parent=54"}],"wp:term":[{"taxonomy":"category","embeddable":true,"href":"http:\/\/michel-tavet.fr\/index.php\/wp-json\/wp\/v2\/categories?post=54"},{"taxonomy":"post_tag","embeddable":true,"href":"http:\/\/michel-tavet.fr\/index.php\/wp-json\/wp\/v2\/tags?post=54"}],"curies":[{"name":"wp","href":"https:\/\/api.w.org\/{rel}","templated":true}]}}